{"id":1827,"date":"2022-08-04T14:49:03","date_gmt":"2022-08-04T14:49:03","guid":{"rendered":"http:\/\/www.francoisbardier.com\/?p=1827"},"modified":"2026-02-16T11:32:45","modified_gmt":"2026-02-16T11:32:45","slug":"atelier-cinema-danimation-au-lycee-juliette-recamier","status":"publish","type":"post","link":"http:\/\/www.francoisbardier.com\/?p=1827","title":{"rendered":"Atelier cin\u00e9ma d&rsquo;animation au lyc\u00e9e Juliette R\u00e9camier"},"content":{"rendered":"\n<p>J&rsquo;ai particip\u00e9 en 2021 au projet la fabrique \u00e0 Jazz avec les lyc\u00e9es de la classe d&rsquo;el\u00e8ves allophones du Lyc\u00e9e Juliette r\u00e9camier en partenariat avec le p\u00e9riscope (O\u00f9 se d\u00e9roulaient les ateliers de cr\u00e9ation musicale qui ont donn\u00e9 la bande son du film) et la biblioth\u00e8que municipale de Lyon.<\/p>\n\n\n\n<p>Malgr\u00e9 le covid et les reports du projet et de certaines s\u00e9ances, le projet a pu \u00eatre men\u00e9 \u00e0 bien, les \u00e9l\u00e8ves ont travaill\u00e9 sur des animations dans diff\u00e9rentes techniques en lien avec la bande son. Voici le r\u00e9sultat qui a pu \u00eatre projet\u00e9 au p\u00e9riscope en fin d&rsquo;ann\u00e9e:<\/p>\n\n\n\n<figure class=\"wp-block-embed is-type-video is-provider-youtube wp-block-embed-youtube wp-embed-aspect-16-9 wp-has-aspect-ratio\"><div class=\"wp-block-embed__wrapper\">\n<iframe loading=\"lazy\" title=\"La Fabrique Jazz 2021 pr\u00e9sente &quot;Yallah&quot; avec Lucas Hercberg et Fran\u00e7ois Bardier\" width=\"474\" height=\"267\" src=\"https:\/\/www.youtube.com\/embed\/SxWMiU6s00I?feature=oembed\" frameborder=\"0\" allow=\"accelerometer; autoplay; clipboard-write; encrypted-media; gyroscope; picture-in-picture; web-share\" referrerpolicy=\"strict-origin-when-cross-origin\" allowfullscreen><\/iframe>\n<\/div><\/figure>\n","protected":false},"excerpt":{"rendered":"<p>J&rsquo;ai particip\u00e9 en 2021 au projet la fabrique \u00e0 Jazz avec les lyc\u00e9es de la classe d&rsquo;el\u00e8ves allophones du Lyc\u00e9e Juliette r\u00e9camier en partenariat avec le p\u00e9riscope (O\u00f9 se d\u00e9roulaient les ateliers de cr\u00e9ation musicale qui ont donn\u00e9 la bande son du film) et la biblioth\u00e8que municipale de Lyon. Malgr\u00e9 le covid et les reports &hellip; <a href=\"http:\/\/www.francoisbardier.com\/?p=1827\" class=\"more-link\">Continuer la lecture de <span class=\"screen-reader-text\">Atelier cin\u00e9ma d&rsquo;animation au lyc\u00e9e Juliette R\u00e9camier<\/span>  <span class=\"meta-nav\">&rarr;<\/span><\/a><\/p>\n","protected":false},"author":2,"featured_media":0,"comment_status":"closed","ping_status":"closed","sticky":false,"template":"","format":"standard","meta":[],"categories":[1],"tags":[],"_links":{"self":[{"href":"http:\/\/www.francoisbardier.com\/index.php?rest_route=\/wp\/v2\/posts\/1827"}],"collection":[{"href":"http:\/\/www.francoisbardier.com\/index.php?rest_route=\/wp\/v2\/posts"}],"about":[{"href":"http:\/\/www.francoisbardier.com\/index.php?rest_route=\/wp\/v2\/types\/post"}],"author":[{"embeddable":true,"href":"http:\/\/www.francoisbardier.com\/index.php?rest_route=\/wp\/v2\/users\/2"}],"replies":[{"embeddable":true,"href":"http:\/\/www.francoisbardier.com\/index.php?rest_route=%2Fwp%2Fv2%2Fcomments&post=1827"}],"version-history":[{"count":1,"href":"http:\/\/www.francoisbardier.com\/index.php?rest_route=\/wp\/v2\/posts\/1827\/revisions"}],"predecessor-version":[{"id":1828,"href":"http:\/\/www.francoisbardier.com\/index.php?rest_route=\/wp\/v2\/posts\/1827\/revisions\/1828"}],"wp:attachment":[{"href":"http:\/\/www.francoisbardier.com\/index.php?rest_route=%2Fwp%2Fv2%2Fmedia&parent=1827"}],"wp:term":[{"taxonomy":"category","embeddable":true,"href":"http:\/\/www.francoisbardier.com\/index.php?rest_route=%2Fwp%2Fv2%2Fcategories&post=1827"},{"taxonomy":"post_tag","embeddable":true,"href":"http:\/\/www.francoisbardier.com\/index.php?rest_route=%2Fwp%2Fv2%2Ftags&post=1827"}],"curies":[{"name":"wp","href":"https:\/\/api.w.org\/{rel}","templated":true}]}}